{"id":10084,"date":"2019-03-27T13:50:50","date_gmt":"2019-03-27T12:50:50","guid":{"rendered":"https:\/\/efectis.com\/?p=10084\/"},"modified":"2020-07-07T14:49:02","modified_gmt":"2020-07-07T12:49:02","slug":"les-exigences-du-marquage-ce-le-marche-britannique","status":"publish","type":"post","link":"https:\/\/efectis.com\/fr\/les-exigences-du-marquage-ce-le-marche-britannique\/","title":{"rendered":"Les exigences du marquage CE et le march\u00e9 Britannique"},"content":{"rendered":"\n<p><strong>La Commission Europ\u00e9enne a publi\u00e9 un avis important en ce qui concerne les cons\u00e9quences que le Brexit va avoir dans le domaine des produits qui sont sujets au marquage CE lorsqu&#8217;ils sont introduits sur le march\u00e9 de l&#8217;Union Europ\u00e9enne (UE).<\/strong><\/p>\n\n\n\n<p>Plusieurs produits requi\u00e8rent le marquage CE afin de pouvoir \u00eatre vendus dans l&#8217;EEE. Le marquage CE d\u00e9montre que le produit a \u00e9t\u00e9 \u00e9valu\u00e9 et qu&#8217;il r\u00e9pond aux exigences de l&#8217;UE en mati\u00e8re de s\u00e9curit\u00e9, de sant\u00e9 et de protection de l&#8217;environnement. La marque CE est n\u00e9cessaire pour les produits fabriqu\u00e9s \u00e0 la fois \u00e0 l&#8217;int\u00e9rieur et \u00e0 l&#8217;ext\u00e9rieur de l&#8217;EEE, et qui sont mis sur le march\u00e9 au sein de l&#8217;EEE.<\/p>\n\n\n\n<p>Pour ces produits, la Commission Europ\u00e9enne a confirm\u00e9 qu&#8217;afin de prouver que ces produits plac\u00e9s sur le march\u00e9 de l&#8217;UE au 29 mars 2019 sont en conformit\u00e9 avec les exigences du Marquage CE, &#8220;il est conseill\u00e9 aux op\u00e9rateurs \u00e9conomiques de prendre les mesures n\u00e9cessaires afin de s&#8217;assurer que, lorsque les proc\u00e9dures d&#8217;\u00e9valuation de conformit\u00e9 applicables requi\u00e8rent l&#8217;intervention d&#8217;un organisme notifi\u00e9, ils devront \u00eatre titulaires de certificats \u00e9mis par un Organisme Notifi\u00e9 EU-27&#8221;. En pratique, cela signifie qu&#8217;en l&#8217;absence de tout accord, \u00e0 compter du jour du Brexit, les soci\u00e9t\u00e9s qui veulent continuer \u00e0 mettre des produits sur le march\u00e9 de l&#8217;UE, et qui auparavant comptaient sur des \u00e9valuations de conformit\u00e9 faites par des Organismes Notifi\u00e9s britanniques, ne pourront plus se baser sur ces derni\u00e8res.<\/p>\n\n\n\n<p>Afin de discuter l&#8217;impact du Brexit sur la marquage CE, Efectis et l&#8217;Universit\u00e9 d&#8217;Ulster ont organis\u00e9 un s\u00e9minaire le 5 mars dernier avec pour th\u00e8me &#8220;Marquage CE pour les produits de s\u00e9curit\u00e9 incendie&#8221;.<\/p>\n\n\n\n<p>Pour plus d&#8217;informations, vous pouvez envoyer vos questions \u00e0 contact <a href=\"mailto:uk@efectis.com\">uk@efectis.com<\/a>.<\/p>\n","protected":false},"excerpt":{"rendered":"<p>La Commission Europ\u00e9enne a publi\u00e9 un avis important en ce qui concerne les cons\u00e9quences que le Brexit va avoir dans le domaine des produits qui sont sujets au&#8230;<\/p>\n","protected":false},"author":10,"featured_media":10018,"comment_status":"closed","ping_status":"closed","sticky":false,"template":"","format":"standard","meta":{"_acf_changed":false,"_coblocks_attr":"","_coblocks_dimensions":"","_coblocks_responsive_height":"","_coblocks_accordion_ie_support":"","_uag_custom_page_level_css":"","footnotes":""},"categories":[2],"tags":[],"class_list":["post-10084","post","type-post","status-publish","format-standard","has-post-thumbnail","hentry","category-actualites"],"acf":[],"uagb_featured_image_src":{"full":["https:\/\/efectis.com\/app\/uploads\/2019\/03\/Article_CE_UKmarket-scaled.jpg",1920,2560,false],"thumbnail":["https:\/\/efectis.com\/app\/uploads\/2019\/03\/Article_CE_UKmarket-250x150.jpg",250,150,true],"medium":["https:\/\/efectis.com\/app\/uploads\/2019\/03\/Article_CE_UKmarket-225x300.jpg",225,300,true],"medium_large":["https:\/\/efectis.com\/app\/uploads\/2019\/03\/Article_CE_UKmarket-scaled.jpg",1920,2560,false],"large":["https:\/\/efectis.com\/app\/uploads\/2019\/03\/Article_CE_UKmarket-768x1024.jpg",768,1024,true],"1536x1536":["https:\/\/efectis.com\/app\/uploads\/2019\/03\/Article_CE_UKmarket-1152x1536.jpg",1152,1536,true],"2048x2048":["https:\/\/efectis.com\/app\/uploads\/2019\/03\/Article_CE_UKmarket-1536x2048.jpg",1536,2048,true],"gform-image-choice-sm":["https:\/\/efectis.com\/app\/uploads\/2019\/03\/Article_CE_UKmarket-scaled.jpg",225,300,false],"gform-image-choice-md":["https:\/\/efectis.com\/app\/uploads\/2019\/03\/Article_CE_UKmarket-scaled.jpg",300,400,false],"gform-image-choice-lg":["https:\/\/efectis.com\/app\/uploads\/2019\/03\/Article_CE_UKmarket-scaled.jpg",450,600,false]},"uagb_author_info":{"display_name":"Monique","author_link":"https:\/\/efectis.com\/fr\/author\/monique\/"},"uagb_comment_info":0,"uagb_excerpt":"La Commission Europ\u00e9enne a publi\u00e9 un avis important en ce qui concerne les cons\u00e9quences que le Brexit va avoir dans le domaine des produits qui sont sujets au...","_links":{"self":[{"href":"https:\/\/efectis.com\/fr\/wp-json\/wp\/v2\/posts\/10084","targetHints":{"allow":["GET"]}}],"collection":[{"href":"https:\/\/efectis.com\/fr\/wp-json\/wp\/v2\/posts"}],"about":[{"href":"https:\/\/efectis.com\/fr\/wp-json\/wp\/v2\/types\/post"}],"author":[{"embeddable":true,"href":"https:\/\/efectis.com\/fr\/wp-json\/wp\/v2\/users\/10"}],"replies":[{"embeddable":true,"href":"https:\/\/efectis.com\/fr\/wp-json\/wp\/v2\/comments?post=10084"}],"version-history":[{"count":0,"href":"https:\/\/efectis.com\/fr\/wp-json\/wp\/v2\/posts\/10084\/revisions"}],"wp:featuredmedia":[{"embeddable":true,"href":"https:\/\/efectis.com\/fr\/wp-json\/wp\/v2\/media\/10018"}],"wp:attachment":[{"href":"https:\/\/efectis.com\/fr\/wp-json\/wp\/v2\/media?parent=10084"}],"wp:term":[{"taxonomy":"category","embeddable":true,"href":"https:\/\/efectis.com\/fr\/wp-json\/wp\/v2\/categories?post=10084"},{"taxonomy":"post_tag","embeddable":true,"href":"https:\/\/efectis.com\/fr\/wp-json\/wp\/v2\/tags?post=10084"}],"curies":[{"name":"wp","href":"https:\/\/api.w.org\/{rel}","templated":true}]}}