{"id":4340,"date":"2015-06-10T15:51:18","date_gmt":"2015-06-10T13:51:18","guid":{"rendered":"https:\/\/efectis.com\/tr\/2016\/06\/23\/ce-markering-voor-kabels-wordt-van-kracht-2\/"},"modified":"2022-04-26T08:18:25","modified_gmt":"2022-04-26T06:18:25","slug":"2-tunel-yapim-teknolojileri-ve-ekipmanlari-fuari","status":"publish","type":"post","link":"https:\/\/efectis.com\/tr\/2-tunel-yapim-teknolojileri-ve-ekipmanlari-fuari\/","title":{"rendered":"Efectis Era Avrasya, 2. T\u00fcnel Yap\u0131m Teknolojileri ve Ekipmanlar\u0131 Fuar\u0131\u2019nda"},"content":{"rendered":"<p style=\"text-align: justify\">Sadece t\u00fcnel a\u00e7ma ve yeralt\u0131 in\u015faat\u0131 alan\u0131na y\u00f6nelik T\u00fcrkiye\u2019de tek olan bu fuar, y\u00fcksek kalite arayan ve alan\u0131nda uzman profesyoneller ve \u015firketleri bir araya getirecektir. B\u00f6ylelikle, bu organizasyon, Efectis Era Avrasya i\u00e7in potansiyel i\u015f birli\u011fi olas\u0131l\u0131klar\u0131n\u0131n de\u011ferlendirilebilece\u011fi bir f\u0131rsat olu\u015fturacakt\u0131r.<\/p>\n","protected":false},"excerpt":{"rendered":"<p>Efectis Era Avrasya, 27-29 A\u011fustos tarihleri aras\u0131nda \u0130stanbul Fuar Merkezi\u2019nde d\u00fczenlenecek 2. T\u00fcnel Yap\u0131m Teknolojileri ve Ekipmanlar\u0131 Fuar\u0131\u2019nda Salon 10, 52\/A No\u2019lu standda yer alacakt\u0131r.<\/p>\n","protected":false},"author":10,"featured_media":58903,"comment_status":"closed","ping_status":"closed","sticky":false,"template":"","format":"standard","meta":{"_acf_changed":false,"_coblocks_attr":"","_coblocks_dimensions":"","_coblocks_responsive_height":"","_coblocks_accordion_ie_support":"","_uag_custom_page_level_css":"","footnotes":""},"categories":[94],"tags":[],"class_list":["post-4340","post","type-post","status-publish","format-standard","has-post-thumbnail","hentry","category-haberler"],"acf":[],"uagb_featured_image_src":{"full":["https:\/\/efectis.com\/app\/uploads\/2015\/06\/DSC05540-scaled.jpg",2560,1920,false],"thumbnail":["https:\/\/efectis.com\/app\/uploads\/2015\/06\/DSC05540-250x150.jpg",250,150,true],"medium":["https:\/\/efectis.com\/app\/uploads\/2015\/06\/DSC05540-300x225.jpg",300,225,true],"medium_large":["https:\/\/efectis.com\/app\/uploads\/2015\/06\/DSC05540-scaled.jpg",2560,1920,false],"large":["https:\/\/efectis.com\/app\/uploads\/2015\/06\/DSC05540-1024x768.jpg",1024,768,true],"1536x1536":["https:\/\/efectis.com\/app\/uploads\/2015\/06\/DSC05540-1536x1152.jpg",1536,1152,true],"2048x2048":["https:\/\/efectis.com\/app\/uploads\/2015\/06\/DSC05540-2048x1536.jpg",2048,1536,true],"gform-image-choice-sm":["https:\/\/efectis.com\/app\/uploads\/2015\/06\/DSC05540-scaled.jpg",300,225,false],"gform-image-choice-md":["https:\/\/efectis.com\/app\/uploads\/2015\/06\/DSC05540-scaled.jpg",400,300,false],"gform-image-choice-lg":["https:\/\/efectis.com\/app\/uploads\/2015\/06\/DSC05540-scaled.jpg",600,450,false]},"uagb_author_info":{"display_name":"Monique","author_link":"https:\/\/efectis.com\/tr\/author\/monique\/"},"uagb_comment_info":0,"uagb_excerpt":"Efectis Era Avrasya, 27-29 A\u011fustos tarihleri aras\u0131nda \u0130stanbul Fuar Merkezi\u2019nde d\u00fczenlenecek 2. T\u00fcnel Yap\u0131m Teknolojileri ve Ekipmanlar\u0131 Fuar\u0131\u2019nda Salon 10, 52\/A No\u2019lu standda yer alacakt\u0131r.","_links":{"self":[{"href":"https:\/\/efectis.com\/tr\/wp-json\/wp\/v2\/posts\/4340","targetHints":{"allow":["GET"]}}],"collection":[{"href":"https:\/\/efectis.com\/tr\/wp-json\/wp\/v2\/posts"}],"about":[{"href":"https:\/\/efectis.com\/tr\/wp-json\/wp\/v2\/types\/post"}],"author":[{"embeddable":true,"href":"https:\/\/efectis.com\/tr\/wp-json\/wp\/v2\/users\/10"}],"replies":[{"embeddable":true,"href":"https:\/\/efectis.com\/tr\/wp-json\/wp\/v2\/comments?post=4340"}],"version-history":[{"count":0,"href":"https:\/\/efectis.com\/tr\/wp-json\/wp\/v2\/posts\/4340\/revisions"}],"wp:featuredmedia":[{"embeddable":true,"href":"https:\/\/efectis.com\/tr\/wp-json\/wp\/v2\/media\/58903"}],"wp:attachment":[{"href":"https:\/\/efectis.com\/tr\/wp-json\/wp\/v2\/media?parent=4340"}],"wp:term":[{"taxonomy":"category","embeddable":true,"href":"https:\/\/efectis.com\/tr\/wp-json\/wp\/v2\/categories?post=4340"},{"taxonomy":"post_tag","embeddable":true,"href":"https:\/\/efectis.com\/tr\/wp-json\/wp\/v2\/tags?post=4340"}],"curies":[{"name":"wp","href":"https:\/\/api.w.org\/{rel}","templated":true}]}}