{"id":90243,"date":"2026-01-19T08:29:19","date_gmt":"2026-01-19T07:29:19","guid":{"rendered":"https:\/\/efectis.com\/isi-yalitim-urunleri-2\/"},"modified":"2026-01-19T08:32:50","modified_gmt":"2026-01-19T07:32:50","slug":"yangin-damperleri","status":"publish","type":"post","link":"https:\/\/efectis.com\/tr\/yangin-damperleri\/","title":{"rendered":"Yang\u0131n Damperlerinde \u00d6nemli G\u00fcncelleme: \u00c7ift Y\u00f6nl\u00fc Test Zorunlulu\u011fu"},"content":{"rendered":"\n<p><strong>Yang\u0131n Damperleri (EN 13501-3:2025)<\/strong><\/p>\n\n\n\n<p>Yeni AB Yetkilendirilmi\u015f T\u00fcz\u00fc\u011f\u00fc (<strong>EU 2024\/1681<\/strong>) ile birlikte, yang\u0131n damperlerinin <strong>her iki y\u00f6nden test edilmesi<\/strong> zorunlu hale gelmi\u015ftir. Bu nedenle, s\u0131n\u0131fland\u0131rmalarda art\u0131k \u201cyang\u0131n y\u00f6n\u00fc\u201d ifadesi yer almamal\u0131; ancak \u00fcr\u00fcn\u00fcn <strong>iki y\u00f6nden test edildi\u011fi<\/strong> bilgisi hem s\u0131n\u0131fland\u0131rma raporlar\u0131nda hem de sertifikada a\u00e7\u0131k\u00e7a belirtilmelidir. Bu de\u011fi\u015fiklik do\u011frultusunda, mevcut sertifikalar\u0131n da <strong>g\u00fcncellenmesi<\/strong> gerekmektedir.<\/p>\n\n\n\n<p><strong>a) \u00c7ift Y\u00f6nl\u00fc Yang\u0131n (Double Fire Direction):<\/strong><br>Eski s\u0131n\u0131fland\u0131rmalar olan <strong>(i\u2192o)<\/strong> ve <strong>(o\u2192i)<\/strong> art\u0131k ge\u00e7erli de\u011fildir.<\/p>\n\n\n\n<p><strong>b) B\u0131\u00e7ak Ekseni (Blade Axis):<\/strong><br>Yeni s\u0131n\u0131fland\u0131rma standard\u0131, damper b\u0131\u00e7a\u011f\u0131n\u0131n <strong>ekseni y\u00f6n\u00fcn\u00fcn (yatay\/dikey)<\/strong> s\u0131n\u0131fland\u0131rmalarda belirtilmesini zorunlu k\u0131lmaktad\u0131r. Bu do\u011frultuda, <strong>EN 15650:2010<\/strong> standard\u0131na g\u00f6re d\u00fczenlenmi\u015f mevcut sertifikalar\u0131n, b\u0131\u00e7ak ekseni bilgisini i\u00e7erecek \u015fekilde revize edilmesi gerekmektedir.<\/p>\n\n\n\n<p>Ayr\u0131ca, <strong>EN 15650:2010<\/strong> standard\u0131nda h\u00e2len eski <strong>EN 13501-3:2005<\/strong> standard\u0131na at\u0131f bulunmas\u0131 sebebiyle, alt s\u0131n\u0131fland\u0131rmalar\u0131n (i\u2192o) ge\u00e7erli oldu\u011fu y\u00f6n\u00fcnde bir alg\u0131 olu\u015fabilmektedir. Ancak, Avrupa Komisyonu\u2019ndan gelen resmi g\u00f6r\u00fc\u015fe g\u00f6re, <strong>t\u00fcz\u00fckler standartlardan \u00fcst\u00fcnd\u00fcr<\/strong>; dolay\u0131s\u0131yla <strong>i\u2192o s\u0131n\u0131fland\u0131rmas\u0131 art\u0131k ge\u00e7erli de\u011fildir<\/strong>. Piyasa g\u00f6zetim otoriteleri ve onaylanm\u0131\u015f kurulu\u015flar\u0131n da bu do\u011frultuda hareket etmesi gerekmektedir.<\/p>\n\n\n\n<p>Yeni h\u00fck\u00fcmler ve de\u011fi\u015fiklikler <strong>04\/09\/2025<\/strong> tarihinden itibaren y\u00fcr\u00fcrl\u00fc\u011fe girmi\u015ftir.<\/p>\n","protected":false},"excerpt":{"rendered":"<p>Yang\u0131n Damperleri (EN 13501-3:2025) Yeni AB Yetkilendirilmi\u015f T\u00fcz\u00fc\u011f\u00fc (EU 2024\/1681) ile birlikte, yang\u0131n damperlerinin her iki y\u00f6nden test edilmesi zorunlu hale gelmi\u015ftir. Bu nedenle, s\u0131n\u0131fland\u0131rmalarda art\u0131k \u201cyang\u0131n y\u00f6n\u00fc\u201d&#8230;<\/p>\n","protected":false},"author":28,"featured_media":90245,"comment_status":"closed","ping_status":"closed","sticky":false,"template":"","format":"standard","meta":{"_acf_changed":false,"_coblocks_attr":"","_coblocks_dimensions":"","_coblocks_responsive_height":"","_coblocks_accordion_ie_support":"","_uag_custom_page_level_css":"","footnotes":""},"categories":[94,283],"tags":[],"class_list":["post-90243","post","type-post","status-publish","format-standard","has-post-thumbnail","hentry","category-haberler","category-guncel-haberler"],"acf":[],"uagb_featured_image_src":{"full":["https:\/\/efectis.com\/app\/uploads\/2026\/01\/Yangin-Damperi.jpg",1200,550,false],"thumbnail":["https:\/\/efectis.com\/app\/uploads\/2026\/01\/Yangin-Damperi-250x150.jpg",250,150,true],"medium":["https:\/\/efectis.com\/app\/uploads\/2026\/01\/Yangin-Damperi-300x138.jpg",300,138,true],"medium_large":["https:\/\/efectis.com\/app\/uploads\/2026\/01\/Yangin-Damperi.jpg",1200,550,false],"large":["https:\/\/efectis.com\/app\/uploads\/2026\/01\/Yangin-Damperi-1024x469.jpg",1024,469,true],"1536x1536":["https:\/\/efectis.com\/app\/uploads\/2026\/01\/Yangin-Damperi.jpg",1200,550,false],"2048x2048":["https:\/\/efectis.com\/app\/uploads\/2026\/01\/Yangin-Damperi.jpg",1200,550,false],"gform-image-choice-sm":["https:\/\/efectis.com\/app\/uploads\/2026\/01\/Yangin-Damperi.jpg",300,138,false],"gform-image-choice-md":["https:\/\/efectis.com\/app\/uploads\/2026\/01\/Yangin-Damperi.jpg",400,183,false],"gform-image-choice-lg":["https:\/\/efectis.com\/app\/uploads\/2026\/01\/Yangin-Damperi.jpg",600,275,false]},"uagb_author_info":{"display_name":"Ridvan Yagmur","author_link":"https:\/\/efectis.com\/tr\/author\/ridvan\/"},"uagb_comment_info":0,"uagb_excerpt":"Yang\u0131n Damperleri (EN 13501-3:2025) Yeni AB Yetkilendirilmi\u015f T\u00fcz\u00fc\u011f\u00fc (EU 2024\/1681) ile birlikte, yang\u0131n damperlerinin her iki y\u00f6nden test edilmesi zorunlu hale gelmi\u015ftir. Bu nedenle, s\u0131n\u0131fland\u0131rmalarda art\u0131k \u201cyang\u0131n y\u00f6n\u00fc\u201d...","_links":{"self":[{"href":"https:\/\/efectis.com\/tr\/wp-json\/wp\/v2\/posts\/90243","targetHints":{"allow":["GET"]}}],"collection":[{"href":"https:\/\/efectis.com\/tr\/wp-json\/wp\/v2\/posts"}],"about":[{"href":"https:\/\/efectis.com\/tr\/wp-json\/wp\/v2\/types\/post"}],"author":[{"embeddable":true,"href":"https:\/\/efectis.com\/tr\/wp-json\/wp\/v2\/users\/28"}],"replies":[{"embeddable":true,"href":"https:\/\/efectis.com\/tr\/wp-json\/wp\/v2\/comments?post=90243"}],"version-history":[{"count":2,"href":"https:\/\/efectis.com\/tr\/wp-json\/wp\/v2\/posts\/90243\/revisions"}],"predecessor-version":[{"id":90264,"href":"https:\/\/efectis.com\/tr\/wp-json\/wp\/v2\/posts\/90243\/revisions\/90264"}],"wp:featuredmedia":[{"embeddable":true,"href":"https:\/\/efectis.com\/tr\/wp-json\/wp\/v2\/media\/90245"}],"wp:attachment":[{"href":"https:\/\/efectis.com\/tr\/wp-json\/wp\/v2\/media?parent=90243"}],"wp:term":[{"taxonomy":"category","embeddable":true,"href":"https:\/\/efectis.com\/tr\/wp-json\/wp\/v2\/categories?post=90243"},{"taxonomy":"post_tag","embeddable":true,"href":"https:\/\/efectis.com\/tr\/wp-json\/wp\/v2\/tags?post=90243"}],"curies":[{"name":"wp","href":"https:\/\/api.w.org\/{rel}","templated":true}]}}