{"id":9400,"date":"2018-06-27T08:29:47","date_gmt":"2018-06-27T06:29:47","guid":{"rendered":"https:\/\/efectis.com\/?p=9400\/"},"modified":"2022-04-27T12:16:17","modified_gmt":"2022-04-27T10:16:17","slug":"etkinlikler","status":"publish","type":"post","link":"https:\/\/efectis.com\/tr\/etkinlikler\/","title":{"rendered":"Ge\u00e7ti\u011fimiz Aylar Efectis Era Avrasya \u0130\u00e7in Hareketliydi"},"content":{"rendered":"\n<div class=\"wp-block-columns is-layout-flex wp-container-core-columns-is-layout-9d6595d7 wp-block-columns-is-layout-flex\">\n<div class=\"wp-block-column is-layout-flow wp-block-column-is-layout-flow\" style=\"flex-basis:33.33%\">\n<figure class=\"wp-block-image size-large is-resized\"><img loading=\"lazy\" decoding=\"async\" src=\"https:\/\/efectis.com\/app\/uploads\/2018\/06\/Arcticle_Events.png\" alt=\"\" width=\"186\" height=\"325\"><\/figure>\n<\/div>\n\n\n\n<div class=\"wp-block-column is-vertically-aligned-center is-layout-flow wp-block-column-is-layout-flow\" style=\"flex-basis:66.66%\">\n<p>2018 y\u0131l\u0131 t\u00fcm yo\u011funlu\u011fumuzun yan\u0131nda gen\u00e7 \u00f6\u011frenci karde\u015flerimizle tan\u0131\u015fmak i\u00e7in f\u0131rsatlar\u0131 de\u011ferlendirdi\u011fimiz bir y\u0131l oldu. \u0130lk olarak Nisan ay\u0131nda Kocaeli \u00dcniversitesi\u2019nin ger\u00e7ekle\u015ftirdi\u011fi Kocaeli \u0130htisas Fuar\u0131\u2019na kat\u0131larak \u00f6\u011frencileri, \u015firketimiz ve hizmetlerimiz ile ilgili bilgilendirme ve i\u015f f\u0131rsatlar\u0131m\u0131zla bulu\u015fturma \u015fans\u0131m\u0131z oldu. \u00d6zellikle m\u00fchendislik b\u00f6l\u00fcmlerinde \u00f6\u011frenimine devam eden ve uzun d\u00f6nemli staj aray\u0131\u015f\u0131nda olan \u00f6\u011frencilerin yo\u011fun ilgisi memnuniyet vericiydi.<\/p>\n<\/div>\n<\/div>\n\n\n\n<p>Ard\u0131ndan 4 May\u0131s\u2019ta Marmara \u00dcniversitesi G\u00f6ztepe Kamp\u00fcs\u00fcnde Kariyer Zirvesi\u2019ne kat\u0131larak bu kez Marmara \u00dcniversitesi \u00f6\u011frencileri ile tan\u0131\u015fma f\u0131rsat\u0131 yakalad\u0131k. Yang\u0131n g\u00fcvenlik m\u00fchendisli\u011fi, test\/belgelendirme hizmetlerimiz ve Efectis\u2019 in uluslararas\u0131 i\u015f f\u0131rsatlar\u0131 hakk\u0131nda \u00f6\u011frencilerin sorular\u0131n\u0131 cevaplad\u0131\u011f\u0131m\u0131z zirvede, ayr\u0131ca Y\u00f6netim Kurulu Ba\u015fkan\u0131m\u0131z \u0130lker \u0130B\u0130K yap\u0131larda yang\u0131n g\u00fcvenli\u011fi konulu bir de sunum yapt\u0131.<\/p>\n","protected":false},"excerpt":{"rendered":"<p>2018 y\u0131l\u0131 t\u00fcm yo\u011funlu\u011fumuzun yan\u0131nda gen\u00e7 \u00f6\u011frenci karde\u015flerimizle tan\u0131\u015fmak i\u00e7in f\u0131rsatlar\u0131 de\u011ferlendirdi\u011fimiz bir y\u0131l oldu. \u0130lk olarak Nisan ay\u0131nda Kocaeli \u00dcniversitesi\u2019nin ger\u00e7ekle\u015ftirdi\u011fi Kocaeli \u0130htisas Fuar\u0131\u2019na kat\u0131larak \u00f6\u011frencileri, \u015firketimiz&#8230;<\/p>\n","protected":false},"author":7,"featured_media":58999,"comment_status":"closed","ping_status":"closed","sticky":false,"template":"","format":"standard","meta":{"_acf_changed":false,"_coblocks_attr":"","_coblocks_dimensions":"","_coblocks_responsive_height":"","_coblocks_accordion_ie_support":"","_uag_custom_page_level_css":"","footnotes":""},"categories":[94],"tags":[],"class_list":["post-9400","post","type-post","status-publish","format-standard","has-post-thumbnail","hentry","category-haberler"],"acf":[],"uagb_featured_image_src":{"full":["https:\/\/efectis.com\/app\/uploads\/2018\/06\/marmaray.png",1200,900,false],"thumbnail":["https:\/\/efectis.com\/app\/uploads\/2018\/06\/marmaray-250x150.png",250,150,true],"medium":["https:\/\/efectis.com\/app\/uploads\/2018\/06\/marmaray-300x225.png",300,225,true],"medium_large":["https:\/\/efectis.com\/app\/uploads\/2018\/06\/marmaray.png",1200,900,false],"large":["https:\/\/efectis.com\/app\/uploads\/2018\/06\/marmaray-1024x768.png",1024,768,true],"1536x1536":["https:\/\/efectis.com\/app\/uploads\/2018\/06\/marmaray.png",1200,900,false],"2048x2048":["https:\/\/efectis.com\/app\/uploads\/2018\/06\/marmaray.png",1200,900,false],"gform-image-choice-sm":["https:\/\/efectis.com\/app\/uploads\/2018\/06\/marmaray.png",300,225,false],"gform-image-choice-md":["https:\/\/efectis.com\/app\/uploads\/2018\/06\/marmaray.png",400,300,false],"gform-image-choice-lg":["https:\/\/efectis.com\/app\/uploads\/2018\/06\/marmaray.png",600,450,false]},"uagb_author_info":{"display_name":"Ulker Verenel","author_link":"https:\/\/efectis.com\/tr\/author\/ulker-verenel\/"},"uagb_comment_info":0,"uagb_excerpt":"2018 y\u0131l\u0131 t\u00fcm yo\u011funlu\u011fumuzun yan\u0131nda gen\u00e7 \u00f6\u011frenci karde\u015flerimizle tan\u0131\u015fmak i\u00e7in f\u0131rsatlar\u0131 de\u011ferlendirdi\u011fimiz bir y\u0131l oldu. \u0130lk olarak Nisan ay\u0131nda Kocaeli \u00dcniversitesi\u2019nin ger\u00e7ekle\u015ftirdi\u011fi Kocaeli \u0130htisas Fuar\u0131\u2019na kat\u0131larak \u00f6\u011frencileri, \u015firketimiz...","_links":{"self":[{"href":"https:\/\/efectis.com\/tr\/wp-json\/wp\/v2\/posts\/9400","targetHints":{"allow":["GET"]}}],"collection":[{"href":"https:\/\/efectis.com\/tr\/wp-json\/wp\/v2\/posts"}],"about":[{"href":"https:\/\/efectis.com\/tr\/wp-json\/wp\/v2\/types\/post"}],"author":[{"embeddable":true,"href":"https:\/\/efectis.com\/tr\/wp-json\/wp\/v2\/users\/7"}],"replies":[{"embeddable":true,"href":"https:\/\/efectis.com\/tr\/wp-json\/wp\/v2\/comments?post=9400"}],"version-history":[{"count":0,"href":"https:\/\/efectis.com\/tr\/wp-json\/wp\/v2\/posts\/9400\/revisions"}],"wp:featuredmedia":[{"embeddable":true,"href":"https:\/\/efectis.com\/tr\/wp-json\/wp\/v2\/media\/58999"}],"wp:attachment":[{"href":"https:\/\/efectis.com\/tr\/wp-json\/wp\/v2\/media?parent=9400"}],"wp:term":[{"taxonomy":"category","embeddable":true,"href":"https:\/\/efectis.com\/tr\/wp-json\/wp\/v2\/categories?post=9400"},{"taxonomy":"post_tag","embeddable":true,"href":"https:\/\/efectis.com\/tr\/wp-json\/wp\/v2\/tags?post=9400"}],"curies":[{"name":"wp","href":"https:\/\/api.w.org\/{rel}","templated":true}]}}